{"id":20198,"date":"2026-03-04T10:17:51","date_gmt":"2026-03-04T10:17:51","guid":{"rendered":"https:\/\/www.vamzshop.com\/?p=20198"},"modified":"2026-03-23T10:55:03","modified_gmt":"2026-03-23T10:55:03","slug":"campdevanol-feiert-eine-sonderveranstaltung-in-der-karwoche-und-vamz-shop-wird-anwesend-sein","status":"publish","type":"post","link":"https:\/\/www.vamzshop.com\/de\/campdevanol-celebra-una-feria-especial-en-semana-santa-y-vamz-shop-estara-presente\/","title":{"rendered":"Campdev\u00e0nol feiert eine Sonderausstellung an Ostern und VAMZ Shop wird pr\u00e4sent sein"},"content":{"rendered":"<p class=\"wp-block-paragraph\">Die Heilige Woche von <strong>Campdev\u00e0nol<\/strong> wird dieses Jahr eine besondere Bedeutung haben. Zuf\u00e4llig mit dem <strong>20. Jahrestag der Wiederbelebung der Prozession der Heiligen Mysterien<\/strong>, Der Municipio organisieren eine Messe, die sucht zu bewerten einer der Traditionen meist geliebten der Zone.<\/p>\n\n\n\n<p class=\"wp-block-paragraph\">Laut Berichten <strong>Die Avantgarde<\/strong>, aus <strong>3. bis 5. April<\/strong> Die Stra\u00dfen und Pl\u00e4tze der Gemeinde werden voller Aktivit\u00e4ten, Kunsthandwerk und lokalen Produkten sein, um Besucher anzulocken und diese einzigartige Tradition zu feiern.<\/p>\n\n\n\n<p class=\"has-text-align-center wp-block-paragraph\">\ud83d\udc49 Sie k\u00f6nnen die vollst\u00e4ndige Nachricht hier lesen:<br><a href=\"https:\/\/www.lavanguardia.com\/local\/maresme\/20260304\/11480832\/ayuntamiento-vilassar-mar-eleva-fiscalia-envenenamiento-dos-arboles.html\"><mark style=\"background-color:rgba(0, 0, 0, 0);color:#131999\" class=\"has-inline-color\">https:\/\/www.lavanguardia.com\/local\/maresme\/20260304\/11480832\/ayuntamiento-vilassar-mar-eleva-fiscalia-envenenamiento-dos-arboles.html<\/mark><\/a><\/p>\n\n\n\n<figure class=\"wp-block-image aligncenter size-large is-resized\"><img loading=\"lazy\" decoding=\"async\" width=\"800\" height=\"800\" src=\"https:\/\/www.vamzshop.com\/wp-content\/uploads\/2026\/03\/Blog-15-800x800.png\" alt=\"\" class=\"wp-image-20200\" style=\"width:478px;height:auto\" srcset=\"https:\/\/www.vamzshop.com\/wp-content\/uploads\/2026\/03\/Blog-15-800x800.png 800w, https:\/\/www.vamzshop.com\/wp-content\/uploads\/2026\/03\/Blog-15-300x300.png 300w, https:\/\/www.vamzshop.com\/wp-content\/uploads\/2026\/03\/Blog-15-150x150.png 150w, https:\/\/www.vamzshop.com\/wp-content\/uploads\/2026\/03\/Blog-15-768x768.png 768w, https:\/\/www.vamzshop.com\/wp-content\/uploads\/2026\/03\/Blog-15-1536x1536.png 1536w, https:\/\/www.vamzshop.com\/wp-content\/uploads\/2026\/03\/Blog-15-1320x1320.png 1320w, https:\/\/www.vamzshop.com\/wp-content\/uploads\/2026\/03\/Blog-15-430x430.png 430w, https:\/\/www.vamzshop.com\/wp-content\/uploads\/2026\/03\/Blog-15-700x700.png 700w, https:\/\/www.vamzshop.com\/wp-content\/uploads\/2026\/03\/Blog-15.png 2000w\" sizes=\"auto, (max-width: 800px) 100vw, 800px\" \/><\/figure>\n\n\n\n<hr class=\"wp-block-separator has-alpha-channel-opacity\"\/>\n\n\n\n<h2 class=\"wp-block-heading has-text-align-center\">Eine Messe zur Feier der Tradition<\/h2>\n\n\n\n<p class=\"wp-block-paragraph\">Die Veranstaltung wird beinhalten <strong>ungef\u00e4hr 60 St\u00e4nde mit Kunsthandwerk und lokalen Produkten<\/strong>, neben zahlreichen Aktivit\u00e4ten f\u00fcr die ganze Familie.<\/p>\n\n\n\n<p class=\"wp-block-paragraph\">Zu den geplanten Aktivit\u00e4ten geh\u00f6ren unter anderem:<\/p>\n\n\n\n<ul class=\"wp-block-list\">\n<li>Kinderwerkst\u00e4tten<\/li>\n\n\n\n<li>Musikalische Stra\u00dfenparaden mit der <strong>Cobla Jove von Berga<\/strong><\/li>\n\n\n\n<li>Auftritte der <strong>Kapelle der Trompeten und Trommeln \u201cKl\u00e4nge der Leidenschaft\u201d aus Reus<\/strong><\/li>\n\n\n\n<li>Teilnahme der <strong>Manaies von Amer<\/strong> und das <strong>Manaies-Griff von Banyoles<\/strong><\/li>\n\n\n\n<li>R\u00e4ume <strong>Imbisswagen<\/strong><\/li>\n<\/ul>\n\n\n\n<p class=\"wp-block-paragraph\">Der zentrale Moment wird kommen <strong>Karfreitagabend<\/strong>, mit der traditionellen <strong>Prozession der Heiligen Mysterien<\/strong>, dass es lebende und statische Figuren geben wird.<\/p>\n\n\n\n<p class=\"wp-block-paragraph\">Am Wochenende gibt es auch <strong>fotografische und Kost\u00fcmausstellungen<\/strong> was werden sie wiederholen <strong>20 Jahre Geschichte seit der Wiederbelebung der Prozession<\/strong>.<\/p>\n\n\n\n<p class=\"wp-block-paragraph\">Das Ziel, so die Organisatoren, ist es, Campdev\u00e0nol zu <strong>ein Treffpunkt w\u00e4hrend der Karwoche<\/strong> und dieser Tradition eine gr\u00f6\u00dfere Bedeutung zu verleihen.<\/p>\n\n\n\n<hr class=\"wp-block-separator has-alpha-channel-opacity\"\/>\n\n\n\n<h2 class=\"wp-block-heading has-text-align-center\"><strong>VAMZ Gesch\u00e4ft<\/strong> wird an der Messe teilnehmen<\/h2>\n\n\n\n<p class=\"wp-block-paragraph\">Wir freuen uns sehr, bekannt zu geben, dass <strong>VAMZ Shop wird w\u00e4hrend der drei Tage der Veranstaltung auf der Messe vertreten sein: 3., 4. und 5. April<\/strong>.<\/p>\n\n\n\n<p class=\"wp-block-paragraph\">Das wird eine perfekte Gelegenheit sein, um:<\/p>\n\n\n\n<p class=\"wp-block-paragraph\">\ud83c\udf3f \u00d6kologische Reinigungsmittel kennenlernen<br>\ud83c\udf3f Entdecken, wie unsere Waschmittelstreifen funktionieren<br>\ud83c\udf0d \u00dcber nachhaltige Reinigung und Plastikreduktion im Haushalt sprechen \ud83c\udf3f<\/p>\n\n\n\n<p class=\"wp-block-paragraph\">In VAMZ Shop glauben wir, dass lokale Veranstaltungen eine gro\u00dfartige Gelegenheit sind, um <strong>mit der Gemeinschaft verbinden und einen nachhaltigeren Lebensstil f\u00f6rdern<\/strong>.<\/p>\n\n\n\n<hr class=\"wp-block-separator has-alpha-channel-opacity\"\/>\n\n\n\n<h2 class=\"wp-block-heading has-text-align-center\">Komm uns besuchen<\/h2>\n\n\n\n<p class=\"wp-block-paragraph\">Wenn Sie w\u00e4hrend der Osterzeit in der Gegend sind, laden wir Sie ein, auf der Messe von vorbeizuschauen <strong>Campdev\u00e0nol<\/strong>.<\/p>\n\n\n\n<p class=\"wp-block-paragraph\">Sie k\u00f6nnen die Atmosph\u00e4re genie\u00dfen, regionale Produkte entdecken und, wenn Sie m\u00f6chten, <strong>Komm zu unserem Stand, um eine umweltfreundlichere Art zu entdecken, W\u00e4sche zu waschen.<\/strong>.<\/p>\n\n\n\n<p class=\"wp-block-paragraph\">Wir w\u00fcrden uns freuen, Sie begr\u00fc\u00dfen zu d\u00fcrfen und unsere Mission mit Ihnen zu teilen:<\/p>\n\n\n\n<p class=\"wp-block-paragraph\">Plastik reduzieren<br>\ud83d\udc9a Vermeiden unerw\u00fcnschte Chemikalien<br>\ud83d\udc9a Dein Zuhause und den Planeten pflegen<\/p>\n\n\n\n<p class=\"wp-block-paragraph\">Wir sehen uns aus <strong>3. bis 5. April in Campdev\u00e0nol<\/strong>!<\/p>\n\n\n<div class=\"aligncenter wp-block-site-logo\"><a href=\"https:\/\/www.vamzshop.com\/de\/\" class=\"custom-logo-link\" rel=\"home\"><img loading=\"lazy\" decoding=\"async\" width=\"83\" height=\"92\" src=\"https:\/\/www.vamzshop.com\/wp-content\/uploads\/2024\/11\/Logo-Final-2024-e1783103741437.png\" class=\"custom-logo\" alt=\"Vamz\" srcset=\"https:\/\/www.vamzshop.com\/wp-content\/uploads\/2024\/11\/Logo-Final-2024-e1783103741437.png 373w, https:\/\/www.vamzshop.com\/wp-content\/uploads\/2024\/11\/Logo-Final-2024-e1783103741437-268x300.png 268w, https:\/\/www.vamzshop.com\/wp-content\/uploads\/2024\/11\/Logo-Final-2024-e1783103741437-150x168.png 150w, https:\/\/www.vamzshop.com\/wp-content\/uploads\/2024\/11\/Logo-Final-2024-e1783103741437-11x12.png 11w\" sizes=\"auto, (max-width: 83px) 100vw, 83px\" \/><\/a><\/div>","protected":false},"excerpt":{"rendered":"<p>Die Karwoche von Campdev\u00e0nol wird dieses Jahr eine besondere Bedeutung haben. Zuf\u00e4lligerweise das 20-j\u00e4hrige Jubil\u00e4um der Wiedererlangung von<\/p>","protected":false},"author":1,"featured_media":20199,"comment_status":"closed","ping_status":"open","sticky":false,"template":"","format":"standard","meta":{"footnotes":""},"categories":[880],"tags":[],"class_list":["post-20198","post","type-post","status-publish","format-standard","has-post-thumbnail","hentry","category-eventos-de-la-marca"],"yoast_head":"<!-- This site is optimized with the Yoast SEO plugin v28.4 - https:\/\/yoast.com\/product\/yoast-seo-wordpress\/ -->\n<title>Campdev\u00e0nol celebra una feria especial en Semana Santa y VAMZ Shop estar\u00e1 presente - VAMZ<\/title>\n<meta name=\"description\" content=\"La Semana Santa de Campdev\u00e0nol tendr\u00e1 este a\u00f1o un significado especial. Coincidiendo con el 20\u00ba aniversario de la recuperaci\u00f3n de la Procesi\u00f3n de los\" \/>\n<meta name=\"robots\" content=\"index, follow, max-snippet:-1, max-image-preview:large, max-video-preview:-1\" \/>\n<link rel=\"canonical\" href=\"https:\/\/www.vamzshop.com\/de\/campdevanol-feiert-eine-sonderveranstaltung-in-der-karwoche-und-vamz-shop-wird-anwesend-sein\/\" \/>\n<meta property=\"og:locale\" content=\"de_DE\" \/>\n<meta property=\"og:type\" content=\"article\" \/>\n<meta property=\"og:title\" content=\"Campdev\u00e0nol celebra una feria especial en Semana Santa y VAMZ Shop estar\u00e1 presente - VAMZ\" \/>\n<meta property=\"og:description\" content=\"La Semana Santa de Campdev\u00e0nol tendr\u00e1 este a\u00f1o un significado especial. Coincidiendo con el 20\u00ba aniversario de la recuperaci\u00f3n de la Procesi\u00f3n de los\" \/>\n<meta property=\"og:url\" content=\"https:\/\/www.vamzshop.com\/de\/campdevanol-feiert-eine-sonderveranstaltung-in-der-karwoche-und-vamz-shop-wird-anwesend-sein\/\" \/>\n<meta property=\"og:site_name\" content=\"VAMZ\" \/>\n<meta property=\"article:published_time\" content=\"2026-03-04T10:17:51+00:00\" \/>\n<meta property=\"article:modified_time\" content=\"2026-03-23T10:55:03+00:00\" \/>\n<meta property=\"og:image\" content=\"https:\/\/www.vamzshop.com\/wp-content\/uploads\/2026\/03\/Blog-14-800x800.png\" \/>\n\t<meta property=\"og:image:width\" content=\"800\" \/>\n\t<meta property=\"og:image:height\" content=\"800\" \/>\n\t<meta property=\"og:image:type\" content=\"image\/png\" \/>\n<meta name=\"author\" content=\"vamzshop\" \/>\n<meta name=\"twitter:card\" content=\"summary_large_image\" \/>\n<script type=\"application\/ld+json\" class=\"yoast-schema-graph\">{\"@context\":\"https:\\\/\\\/schema.org\",\"@graph\":[{\"@type\":\"Article\",\"@id\":\"https:\\\/\\\/www.vamzshop.com\\\/campdevanol-celebra-una-feria-especial-en-semana-santa-y-vamz-shop-estara-presente\\\/#article\",\"isPartOf\":{\"@id\":\"https:\\\/\\\/www.vamzshop.com\\\/campdevanol-celebra-una-feria-especial-en-semana-santa-y-vamz-shop-estara-presente\\\/\"},\"author\":{\"name\":\"vamzshop\",\"@id\":\"https:\\\/\\\/www.vamzshop.com\\\/#\\\/schema\\\/person\\\/ef0f5c211f016e1008d333e93e1d13c0\"},\"headline\":\"Campdev\u00e0nol celebra una feria especial en Semana Santa y VAMZ Shop estar\u00e1 presente\",\"datePublished\":\"2026-03-04T10:17:51+00:00\",\"dateModified\":\"2026-03-23T10:55:03+00:00\",\"mainEntityOfPage\":{\"@id\":\"https:\\\/\\\/www.vamzshop.com\\\/campdevanol-celebra-una-feria-especial-en-semana-santa-y-vamz-shop-estara-presente\\\/\"},\"wordCount\":443,\"publisher\":{\"@id\":\"https:\\\/\\\/www.vamzshop.com\\\/#organization\"},\"image\":{\"@id\":\"https:\\\/\\\/www.vamzshop.com\\\/campdevanol-celebra-una-feria-especial-en-semana-santa-y-vamz-shop-estara-presente\\\/#primaryimage\"},\"thumbnailUrl\":\"https:\\\/\\\/www.vamzshop.com\\\/wp-content\\\/uploads\\\/2026\\\/03\\\/Blog-14.png\",\"articleSection\":[\"Eventos de la Marca\"],\"inLanguage\":\"de\"},{\"@type\":\"WebPage\",\"@id\":\"https:\\\/\\\/www.vamzshop.com\\\/campdevanol-celebra-una-feria-especial-en-semana-santa-y-vamz-shop-estara-presente\\\/\",\"url\":\"https:\\\/\\\/www.vamzshop.com\\\/campdevanol-celebra-una-feria-especial-en-semana-santa-y-vamz-shop-estara-presente\\\/\",\"name\":\"Campdev\u00e0nol celebra una feria especial en Semana Santa y VAMZ Shop estar\u00e1 presente - VAMZ\",\"isPartOf\":{\"@id\":\"https:\\\/\\\/www.vamzshop.com\\\/#website\"},\"primaryImageOfPage\":{\"@id\":\"https:\\\/\\\/www.vamzshop.com\\\/campdevanol-celebra-una-feria-especial-en-semana-santa-y-vamz-shop-estara-presente\\\/#primaryimage\"},\"image\":{\"@id\":\"https:\\\/\\\/www.vamzshop.com\\\/campdevanol-celebra-una-feria-especial-en-semana-santa-y-vamz-shop-estara-presente\\\/#primaryimage\"},\"thumbnailUrl\":\"https:\\\/\\\/www.vamzshop.com\\\/wp-content\\\/uploads\\\/2026\\\/03\\\/Blog-14.png\",\"datePublished\":\"2026-03-04T10:17:51+00:00\",\"dateModified\":\"2026-03-23T10:55:03+00:00\",\"description\":\"La Semana Santa de Campdev\u00e0nol tendr\u00e1 este a\u00f1o un significado especial. Coincidiendo con el 20\u00ba aniversario de la recuperaci\u00f3n de la Procesi\u00f3n de los\",\"breadcrumb\":{\"@id\":\"https:\\\/\\\/www.vamzshop.com\\\/campdevanol-celebra-una-feria-especial-en-semana-santa-y-vamz-shop-estara-presente\\\/#breadcrumb\"},\"inLanguage\":\"de\",\"potentialAction\":[{\"@type\":\"ReadAction\",\"target\":[\"https:\\\/\\\/www.vamzshop.com\\\/campdevanol-celebra-una-feria-especial-en-semana-santa-y-vamz-shop-estara-presente\\\/\"]}]},{\"@type\":\"ImageObject\",\"inLanguage\":\"de\",\"@id\":\"https:\\\/\\\/www.vamzshop.com\\\/campdevanol-celebra-una-feria-especial-en-semana-santa-y-vamz-shop-estara-presente\\\/#primaryimage\",\"url\":\"https:\\\/\\\/www.vamzshop.com\\\/wp-content\\\/uploads\\\/2026\\\/03\\\/Blog-14.png\",\"contentUrl\":\"https:\\\/\\\/www.vamzshop.com\\\/wp-content\\\/uploads\\\/2026\\\/03\\\/Blog-14.png\",\"width\":2000,\"height\":2000,\"caption\":\"Campdev\u00e0nol celebra una feria especial en Semana Santa y VAMZ Shop estar\u00e1 presente\"},{\"@type\":\"BreadcrumbList\",\"@id\":\"https:\\\/\\\/www.vamzshop.com\\\/campdevanol-celebra-una-feria-especial-en-semana-santa-y-vamz-shop-estara-presente\\\/#breadcrumb\",\"itemListElement\":[{\"@type\":\"ListItem\",\"position\":1,\"name\":\"Home\",\"item\":\"https:\\\/\\\/www.vamzshop.com\\\/\"},{\"@type\":\"ListItem\",\"position\":2,\"name\":\"Campdev\u00e0nol celebra una feria especial en Semana Santa y VAMZ Shop estar\u00e1 presente\"}]},{\"@type\":\"WebSite\",\"@id\":\"https:\\\/\\\/www.vamzshop.com\\\/#website\",\"url\":\"https:\\\/\\\/www.vamzshop.com\\\/\",\"name\":\"VAMZ\",\"description\":\"Productos de limpieza ecol\u00f3gicos y biodegradables en tiras\",\"publisher\":{\"@id\":\"https:\\\/\\\/www.vamzshop.com\\\/#organization\"},\"potentialAction\":[{\"@type\":\"SearchAction\",\"target\":{\"@type\":\"EntryPoint\",\"urlTemplate\":\"https:\\\/\\\/www.vamzshop.com\\\/?s={search_term_string}\"},\"query-input\":{\"@type\":\"PropertyValueSpecification\",\"valueRequired\":true,\"valueName\":\"search_term_string\"}}],\"inLanguage\":\"de\"},{\"@type\":\"Organization\",\"@id\":\"https:\\\/\\\/www.vamzshop.com\\\/#organization\",\"name\":\"Vamzshop\",\"url\":\"https:\\\/\\\/www.vamzshop.com\\\/\",\"logo\":{\"@type\":\"ImageObject\",\"inLanguage\":\"de\",\"@id\":\"https:\\\/\\\/www.vamzshop.com\\\/#\\\/schema\\\/logo\\\/image\\\/\",\"url\":\"https:\\\/\\\/www.vamzshop.com\\\/wp-content\\\/uploads\\\/2024\\\/11\\\/Logo-Final-2024-e1783103741437.png\",\"contentUrl\":\"https:\\\/\\\/www.vamzshop.com\\\/wp-content\\\/uploads\\\/2024\\\/11\\\/Logo-Final-2024-e1783103741437.png\",\"width\":373,\"height\":417,\"caption\":\"Vamzshop\"},\"image\":{\"@id\":\"https:\\\/\\\/www.vamzshop.com\\\/#\\\/schema\\\/logo\\\/image\\\/\"}},{\"@type\":\"Person\",\"@id\":\"https:\\\/\\\/www.vamzshop.com\\\/#\\\/schema\\\/person\\\/ef0f5c211f016e1008d333e93e1d13c0\",\"name\":\"vamzshop\",\"image\":{\"@type\":\"ImageObject\",\"inLanguage\":\"de\",\"@id\":\"https:\\\/\\\/secure.gravatar.com\\\/avatar\\\/2f449ee7ab489f1cfeb99990e5bccd25719a5bc5c6ba186503b10eaa2ceb1fb0?s=96&d=blank&r=g\",\"url\":\"https:\\\/\\\/secure.gravatar.com\\\/avatar\\\/2f449ee7ab489f1cfeb99990e5bccd25719a5bc5c6ba186503b10eaa2ceb1fb0?s=96&d=blank&r=g\",\"contentUrl\":\"https:\\\/\\\/secure.gravatar.com\\\/avatar\\\/2f449ee7ab489f1cfeb99990e5bccd25719a5bc5c6ba186503b10eaa2ceb1fb0?s=96&d=blank&r=g\",\"caption\":\"vamzshop\"},\"sameAs\":[\"https:\\\/\\\/www.vamzshop.com\"]}]}<\/script>\n<!-- \/ Yoast SEO plugin. -->","yoast_head_json":{"title":"Campdev\u00e0nol feiert eine besondere Messe zu Ostern und VAMZ Shop wird dabei sein - VAMZ","description":"Die Karwoche von Campdev\u00e0nol wird dieses Jahr eine besondere Bedeutung haben. Anl\u00e4sslich des 20-j\u00e4hrigen Jubil\u00e4ums der Wiederbelebung der Prozession der","robots":{"index":"index","follow":"follow","max-snippet":"max-snippet:-1","max-image-preview":"max-image-preview:large","max-video-preview":"max-video-preview:-1"},"canonical":"https:\/\/www.vamzshop.com\/de\/campdevanol-feiert-eine-sonderveranstaltung-in-der-karwoche-und-vamz-shop-wird-anwesend-sein\/","og_locale":"de_DE","og_type":"article","og_title":"Campdev\u00e0nol celebra una feria especial en Semana Santa y VAMZ Shop estar\u00e1 presente - VAMZ","og_description":"La Semana Santa de Campdev\u00e0nol tendr\u00e1 este a\u00f1o un significado especial. Coincidiendo con el 20\u00ba aniversario de la recuperaci\u00f3n de la Procesi\u00f3n de los","og_url":"https:\/\/www.vamzshop.com\/de\/campdevanol-feiert-eine-sonderveranstaltung-in-der-karwoche-und-vamz-shop-wird-anwesend-sein\/","og_site_name":"VAMZ","article_published_time":"2026-03-04T10:17:51+00:00","article_modified_time":"2026-03-23T10:55:03+00:00","og_image":[{"width":800,"height":800,"url":"https:\/\/www.vamzshop.com\/wp-content\/uploads\/2026\/03\/Blog-14-800x800.png","type":"image\/png"}],"author":"vamzshop","twitter_card":"summary_large_image","schema":{"@context":"https:\/\/schema.org","@graph":[{"@type":"Article","@id":"https:\/\/www.vamzshop.com\/campdevanol-celebra-una-feria-especial-en-semana-santa-y-vamz-shop-estara-presente\/#article","isPartOf":{"@id":"https:\/\/www.vamzshop.com\/campdevanol-celebra-una-feria-especial-en-semana-santa-y-vamz-shop-estara-presente\/"},"author":{"name":"vamzshop","@id":"https:\/\/www.vamzshop.com\/#\/schema\/person\/ef0f5c211f016e1008d333e93e1d13c0"},"headline":"Campdev\u00e0nol celebra una feria especial en Semana Santa y VAMZ Shop estar\u00e1 presente","datePublished":"2026-03-04T10:17:51+00:00","dateModified":"2026-03-23T10:55:03+00:00","mainEntityOfPage":{"@id":"https:\/\/www.vamzshop.com\/campdevanol-celebra-una-feria-especial-en-semana-santa-y-vamz-shop-estara-presente\/"},"wordCount":443,"publisher":{"@id":"https:\/\/www.vamzshop.com\/#organization"},"image":{"@id":"https:\/\/www.vamzshop.com\/campdevanol-celebra-una-feria-especial-en-semana-santa-y-vamz-shop-estara-presente\/#primaryimage"},"thumbnailUrl":"https:\/\/www.vamzshop.com\/wp-content\/uploads\/2026\/03\/Blog-14.png","articleSection":["Eventos de la Marca"],"inLanguage":"de"},{"@type":"WebPage","@id":"https:\/\/www.vamzshop.com\/campdevanol-celebra-una-feria-especial-en-semana-santa-y-vamz-shop-estara-presente\/","url":"https:\/\/www.vamzshop.com\/campdevanol-celebra-una-feria-especial-en-semana-santa-y-vamz-shop-estara-presente\/","name":"Campdev\u00e0nol feiert eine besondere Messe zu Ostern und VAMZ Shop wird dabei sein - VAMZ","isPartOf":{"@id":"https:\/\/www.vamzshop.com\/#website"},"primaryImageOfPage":{"@id":"https:\/\/www.vamzshop.com\/campdevanol-celebra-una-feria-especial-en-semana-santa-y-vamz-shop-estara-presente\/#primaryimage"},"image":{"@id":"https:\/\/www.vamzshop.com\/campdevanol-celebra-una-feria-especial-en-semana-santa-y-vamz-shop-estara-presente\/#primaryimage"},"thumbnailUrl":"https:\/\/www.vamzshop.com\/wp-content\/uploads\/2026\/03\/Blog-14.png","datePublished":"2026-03-04T10:17:51+00:00","dateModified":"2026-03-23T10:55:03+00:00","description":"Die Karwoche von Campdev\u00e0nol wird dieses Jahr eine besondere Bedeutung haben. Anl\u00e4sslich des 20-j\u00e4hrigen Jubil\u00e4ums der Wiederbelebung der Prozession der","breadcrumb":{"@id":"https:\/\/www.vamzshop.com\/campdevanol-celebra-una-feria-especial-en-semana-santa-y-vamz-shop-estara-presente\/#breadcrumb"},"inLanguage":"de","potentialAction":[{"@type":"ReadAction","target":["https:\/\/www.vamzshop.com\/campdevanol-celebra-una-feria-especial-en-semana-santa-y-vamz-shop-estara-presente\/"]}]},{"@type":"ImageObject","inLanguage":"de","@id":"https:\/\/www.vamzshop.com\/campdevanol-celebra-una-feria-especial-en-semana-santa-y-vamz-shop-estara-presente\/#primaryimage","url":"https:\/\/www.vamzshop.com\/wp-content\/uploads\/2026\/03\/Blog-14.png","contentUrl":"https:\/\/www.vamzshop.com\/wp-content\/uploads\/2026\/03\/Blog-14.png","width":2000,"height":2000,"caption":"Campdev\u00e0nol celebra una feria especial en Semana Santa y VAMZ Shop estar\u00e1 presente"},{"@type":"BreadcrumbList","@id":"https:\/\/www.vamzshop.com\/campdevanol-celebra-una-feria-especial-en-semana-santa-y-vamz-shop-estara-presente\/#breadcrumb","itemListElement":[{"@type":"ListItem","position":1,"name":"Home","item":"https:\/\/www.vamzshop.com\/"},{"@type":"ListItem","position":2,"name":"Campdev\u00e0nol celebra una feria especial en Semana Santa y VAMZ Shop estar\u00e1 presente"}]},{"@type":"WebSite","@id":"https:\/\/www.vamzshop.com\/#website","url":"https:\/\/www.vamzshop.com\/","name":"VAMZ","description":"\u00d6kologische und biologisch abbaubare Reinigungsprodukte in Streifen","publisher":{"@id":"https:\/\/www.vamzshop.com\/#organization"},"potentialAction":[{"@type":"SearchAction","target":{"@type":"EntryPoint","urlTemplate":"https:\/\/www.vamzshop.com\/?s={search_term_string}"},"query-input":{"@type":"PropertyValueSpecification","valueRequired":true,"valueName":"search_term_string"}}],"inLanguage":"de"},{"@type":"Organization","@id":"https:\/\/www.vamzshop.com\/#organization","name":"Vamzshop","url":"https:\/\/www.vamzshop.com\/","logo":{"@type":"ImageObject","inLanguage":"de","@id":"https:\/\/www.vamzshop.com\/#\/schema\/logo\/image\/","url":"https:\/\/www.vamzshop.com\/wp-content\/uploads\/2024\/11\/Logo-Final-2024-e1783103741437.png","contentUrl":"https:\/\/www.vamzshop.com\/wp-content\/uploads\/2024\/11\/Logo-Final-2024-e1783103741437.png","width":373,"height":417,"caption":"Vamzshop"},"image":{"@id":"https:\/\/www.vamzshop.com\/#\/schema\/logo\/image\/"}},{"@type":"Person","@id":"https:\/\/www.vamzshop.com\/#\/schema\/person\/ef0f5c211f016e1008d333e93e1d13c0","name":"vamzshop","image":{"@type":"ImageObject","inLanguage":"de","@id":"https:\/\/secure.gravatar.com\/avatar\/2f449ee7ab489f1cfeb99990e5bccd25719a5bc5c6ba186503b10eaa2ceb1fb0?s=96&d=blank&r=g","url":"https:\/\/secure.gravatar.com\/avatar\/2f449ee7ab489f1cfeb99990e5bccd25719a5bc5c6ba186503b10eaa2ceb1fb0?s=96&d=blank&r=g","contentUrl":"https:\/\/secure.gravatar.com\/avatar\/2f449ee7ab489f1cfeb99990e5bccd25719a5bc5c6ba186503b10eaa2ceb1fb0?s=96&d=blank&r=g","caption":"vamzshop"},"sameAs":["https:\/\/www.vamzshop.com"]}]}},"_links":{"self":[{"href":"https:\/\/www.vamzshop.com\/de\/wp-json\/wp\/v2\/posts\/20198","targetHints":{"allow":["GET"]}}],"collection":[{"href":"https:\/\/www.vamzshop.com\/de\/wp-json\/wp\/v2\/posts"}],"about":[{"href":"https:\/\/www.vamzshop.com\/de\/wp-json\/wp\/v2\/types\/post"}],"author":[{"embeddable":true,"href":"https:\/\/www.vamzshop.com\/de\/wp-json\/wp\/v2\/users\/1"}],"replies":[{"embeddable":true,"href":"https:\/\/www.vamzshop.com\/de\/wp-json\/wp\/v2\/comments?post=20198"}],"version-history":[{"count":1,"href":"https:\/\/www.vamzshop.com\/de\/wp-json\/wp\/v2\/posts\/20198\/revisions"}],"predecessor-version":[{"id":20201,"href":"https:\/\/www.vamzshop.com\/de\/wp-json\/wp\/v2\/posts\/20198\/revisions\/20201"}],"wp:featuredmedia":[{"embeddable":true,"href":"https:\/\/www.vamzshop.com\/de\/wp-json\/wp\/v2\/media\/20199"}],"wp:attachment":[{"href":"https:\/\/www.vamzshop.com\/de\/wp-json\/wp\/v2\/media?parent=20198"}],"wp:term":[{"taxonomy":"category","embeddable":true,"href":"https:\/\/www.vamzshop.com\/de\/wp-json\/wp\/v2\/categories?post=20198"},{"taxonomy":"post_tag","embeddable":true,"href":"https:\/\/www.vamzshop.com\/de\/wp-json\/wp\/v2\/tags?post=20198"}],"curies":[{"name":"wp","href":"https:\/\/api.w.org\/{rel}","templated":true}]}}